{"id":582,"date":"2022-07-27T10:30:10","date_gmt":"2022-07-27T08:30:10","guid":{"rendered":"https:\/\/proofit.tech\/blog\/?p=582"},"modified":"2023-10-11T09:48:56","modified_gmt":"2023-10-11T07:48:56","slug":"felhobe-koltozott-az-irodank","status":"publish","type":"post","link":"https:\/\/proofit.tech\/blog\/hu\/felhobe-koltozott-az-irodank\/","title":{"rendered":"\u00dajabb m\u00e9rf\u00f6ldk\u0151: Felh\u0151be k\u00f6lt\u00f6z\u00f6tt az irod\u00e1nk"},"content":{"rendered":"\n<h2 class=\"wp-block-heading\">Tov\u00e1bb moderniz\u00e1ltuk m\u0171k\u00f6d\u00e9s\u00fcnket<\/h2>\n\n\n\n<p>Az elm\u00falt k\u00e9t \u00e9v sok v\u00e1ltoz\u00e1st hozott a gazdas\u00e1gi \u00e9s t\u00e1rsadalmi k\u00f6rnyezet\u00fcnkben. Lek\u00f6vetve az \u00e1talakul\u00e1sokat, mi is \u00e1tt\u00e9rt\u00fcnk a remote munkav\u00e9gz\u00e9sre, 2020 \u00f3ta koll\u00e9g\u00e1inkkal egy\u00fctt home office-b\u00f3l v\u00e9gezz\u00fck el feladatainkat. Hogy a mindennapi m\u0171k\u00f6d\u00e9s\u00fcnket m\u00e9g rugalmasabb\u00e1 tegy\u00fck, \u00e9s hogy l\u00e9p\u00e9st tartsunk a XXI. sz\u00e1zad v\u00e1ltoz\u00e1saival, ez\u00e9rt \u00fagy d\u00f6nt\u00f6tt\u00fcnk, logisztikailag \u00e9s jogilag <strong>sz\u00e9khelyszolg\u00e1ltat\u00f3hoz helyezz\u00fck \u00e1t az irod\u00e1nkat<\/strong>.<\/p>\n\n\n\n<p class=\"has-text-align-center\">Virtu\u00e1lis irod\u00e1nk c\u00edme:<\/p>\n\n\n\n<p class=\"has-text-align-center\"><strong>1111 Budapest, L\u00e1gym\u00e1nyosi utca 12. fszt. 2.<\/strong><\/p>\n\n\n\n<h2 class=\"wp-block-heading\">Rugalmasabbak lett\u00fcnk<\/h2>\n\n\n\n<p>Hatalmas el\u0151rel\u00e9p\u00e9sk\u00e9nt \u00e9lj\u00fck meg ezt a v\u00e1ltoz\u00e1st, hiszen \u00edgy a t\u00e1rgyal\u00f3 \u00e9s workshop tekintet\u00e9ben nem korl\u00e1toz t\u00f6bbet minket a helysz\u00edn, mivel <strong>megfelel\u0151 infrastrukt\u00far\u00e1val rendelkez\u0151 coworking t\u00e1rgyal\u00f3 sz\u00e1mos akad az eg\u00e9sz orsz\u00e1g ter\u00fclet\u00e9n<\/strong>. M\u00e1r ki is n\u00e9zt\u00fcnk n\u00e9h\u00e1nyat, amiket hamarosan kipr\u00f3b\u00e1lunk.<\/p>\n\n\n\n<p>Az elm\u00falt k\u00e9t \u00e9v alatt alig j\u00e1rtunk az irod\u00e1ban. <strong>A rugalmas munkaszervez\u00e9snek k\u00f6sz\u00f6nhet\u0151en home office-b\u00f3l minden projektet hat\u00e9konyan \u00e9s eredm\u00e9nyesen le tudunk vez\u00e9nyelni<\/strong> \u2013 m\u00e9g a <a href=\"https:\/\/proofit.tech\/blog\/performanciateszteles-a-dsk-bankban-1\/\" target=\"_blank\" aria-label=\"nemzetk\u00f6zi performanciatesztel\u00e9si projektet (opens in a new tab)\" rel=\"noreferrer noopener\" class=\"rank-math-link\">nemzetk\u00f6zi performanciatesztel\u00e9si projektet<\/a> is \u2013, a csapat\u00e9p\u00edt\u0151ket pedig h\u00e1zon k\u00edv\u00fcl tartjuk. R\u00e1ad\u00e1sul egyre t\u00f6bb Budapesten k\u00edv\u00fcli \u00faj koll\u00e9ga csatlakozik hozz\u00e1nk, \u00e9s akadnak olyan munkat\u00e1rsaink is, akik mostan\u00e1ban k\u00f6lt\u00f6ztek vid\u00e9kre. <strong>A ProofIT b\u0151v\u00fcl\u00e9s\u00e9t nem szerett\u00fck volna korl\u00e1tozni azzal, hogy az irod\u00e1nk kiz\u00e1r\u00f3lag Budapesten vagy Magyarorsz\u00e1gon \u00e9rhet\u0151 el.<\/strong> \u00cdgy m\u00e9g t\u00f6bb t\u00e9nyez\u0151 indokolta az irod\u00e1nk felh\u0151be k\u00f6lt\u00f6ztet\u00e9s\u00e9t.<\/p>\n\n\n\n<h2 class=\"wp-block-heading\">Akad\u00e1lytalan virtualiz\u00e1ci\u00f3<\/h2>\n\n\n\n<p>A fizikai iroda felsz\u00e1mol\u00e1sa megb\u00edz\u00e1sainkat semmilyen form\u00e1ban nem \u00e9rinti, a <strong>szervereinket szerverhotelben helyezt\u00fck el<\/strong>, <strong>\u00edgy tov\u00e1bbra is a megszokott m\u00f3don \u00e9s min\u0151s\u00e9gben l\u00e1tjuk el a projektjeinkhez kapcsol\u00f3d\u00f3 feladatainkat<\/strong>.<\/p>\n\n\n\n<p>Az irod\u00e1nkb\u00f3l kiker\u00fcl\u0151 <strong><a aria-label=\"e-hullad\u00e9kunkat \u00fajrahasznos\u00edtottuk (opens in a new tab)\" href=\"https:\/\/proofit.tech\/blog\/okotudatos-it-eszkoz-adomany-proofit\/\" target=\"_blank\" rel=\"noreferrer noopener\" class=\"rank-math-link\">e-hullad\u00e9k<\/a><a href=\"https:\/\/proofit.tech\/blog\/okotudatos-it-eszkoz-adomany-proofit\/\" target=\"_blank\" aria-label=\"e-hullad\u00e9kunkat \u00fajrahasznos\u00edtottuk (opens in a new tab)\" rel=\"noreferrer noopener\" class=\"rank-math-link\">o<\/a><a aria-label=\"e-hullad\u00e9kunkat \u00fajrahasznos\u00edtottuk (opens in a new tab)\" href=\"https:\/\/proofit.tech\/blog\/okotudatos-it-eszkoz-adomany-proofit\/\" target=\"_blank\" rel=\"noreferrer noopener\" class=\"rank-math-link\">t \u00fajrahasznos\u00edtottuk<\/a><\/strong>. A&nbsp;k\u00f6rnyezetv\u00e9delem jegy\u00e9ben nem hullad\u00e9klerak\u00f3ba vitt\u00fck a r\u00e9gi IT eszk\u00f6zeinket, hanem a&nbsp;<strong><a rel=\"noreferrer noopener\" href=\"https:\/\/robokaland.eu\/index.php?q=content\/Home\" target=\"_blank\" class=\"rank-math-link\">RoboKaland \u00d6kotudatos J\u00f6v\u0151\u00e9rt Nonprofit Kft.<\/a><\/strong>&nbsp;<strong>sz\u00e1m\u00e1ra aj\u00e1nlottuk fel azokat, \u00edgy a kiselejtezett IT eszk\u00f6zeink<\/strong> <strong>\u00fajrahasznos\u00edtva<\/strong>, ny\u00e1ri IT gyerekt\u00e1borokban lesznek felhaszn\u00e1lva.<\/p>\n\n\n\n<p>Az iroda virtualiz\u00e1ci\u00f3j\u00e1val j\u00e1r\u00f3 tov\u00e1bbi v\u00e1ltoz\u00e1s, hogy <strong>vezet\u00e9kes telefonon \u00e9s faxon ezent\u00fal nem \u00e9rhet\u0151 el irod\u00e1nk<\/strong>. Az <a href=\"mailto:info@proofit.hu\"><strong>business@proofit.<\/strong><\/a>tech email c\u00edmre vagy a social media fel\u00fcleteinkre tudnak nek\u00fcnk online \u00fczenetet k\u00fcldeni.<\/p>\n\n\n\n<p><strong>Tov\u00e1bbra is keressenek minket bizalommal!<\/strong><\/p>\n","protected":false},"excerpt":{"rendered":"<p>\u00dajabb m\u00e9rf\u00f6ldk\u0151h\u00f6z \u00e9rkezett a ProofIT. Irod\u00e1nk felh\u0151be k\u00f6lt\u00f6ztet\u00e9s\u00e9vel tov\u00e1bb moderniz\u00e1ltuk a m\u0171k\u00f6d\u00e9s\u00fcnket.<\/p>\n","protected":false},"author":2,"featured_media":591,"comment_status":"open","ping_status":"open","sticky":false,"template":"","format":"standard","meta":{"footnotes":""},"categories":[16],"tags":[],"class_list":["post-582","post","type-post","status-publish","format-standard","has-post-thumbnail","hentry","category-blog"],"_links":{"self":[{"href":"https:\/\/proofit.tech\/blog\/hu\/wp-json\/wp\/v2\/posts\/582","targetHints":{"allow":["GET"]}}],"collection":[{"href":"https:\/\/proofit.tech\/blog\/hu\/wp-json\/wp\/v2\/posts"}],"about":[{"href":"https:\/\/proofit.tech\/blog\/hu\/wp-json\/wp\/v2\/types\/post"}],"author":[{"embeddable":true,"href":"https:\/\/proofit.tech\/blog\/hu\/wp-json\/wp\/v2\/users\/2"}],"replies":[{"embeddable":true,"href":"https:\/\/proofit.tech\/blog\/hu\/wp-json\/wp\/v2\/comments?post=582"}],"version-history":[{"count":5,"href":"https:\/\/proofit.tech\/blog\/hu\/wp-json\/wp\/v2\/posts\/582\/revisions"}],"predecessor-version":[{"id":965,"href":"https:\/\/proofit.tech\/blog\/hu\/wp-json\/wp\/v2\/posts\/582\/revisions\/965"}],"wp:featuredmedia":[{"embeddable":true,"href":"https:\/\/proofit.tech\/blog\/hu\/wp-json\/wp\/v2\/media\/591"}],"wp:attachment":[{"href":"https:\/\/proofit.tech\/blog\/hu\/wp-json\/wp\/v2\/media?parent=582"}],"wp:term":[{"taxonomy":"category","embeddable":true,"href":"https:\/\/proofit.tech\/blog\/hu\/wp-json\/wp\/v2\/categories?post=582"},{"taxonomy":"post_tag","embeddable":true,"href":"https:\/\/proofit.tech\/blog\/hu\/wp-json\/wp\/v2\/tags?post=582"}],"curies":[{"name":"wp","href":"https:\/\/api.w.org\/{rel}","templated":true}]}}