{"id":539,"date":"2022-05-18T10:42:11","date_gmt":"2022-05-18T08:42:11","guid":{"rendered":"https:\/\/proofit.tech\/blog\/?p=539"},"modified":"2022-05-18T10:42:49","modified_gmt":"2022-05-18T08:42:49","slug":"orokolt-rendszer-migracio-kinek-mikor-ajanlott","status":"publish","type":"post","link":"https:\/\/proofit.tech\/blog\/hu\/orokolt-rendszer-migracio-kinek-mikor-ajanlott\/","title":{"rendered":"\u00d6r\u00f6k\u00f6lt rendszer-migr\u00e1ci\u00f3: kinek, mikor aj\u00e1nlott?"},"content":{"rendered":"\n<h2 class=\"wp-block-heading\">Mit jelent az \u00f6r\u00f6k\u00f6lt rendszerek migr\u00e1ci\u00f3ja?<\/h2>\n\n\n\n<p>Az \u00f6r\u00f6k\u00f6lt rendszerek azok a r\u00e9gi, elavult, informatikai rendszerek, szoftverek vagy \u00e1ltal\u00e1ban on-premise infrastrukt\u00far\u00e1ban m\u0171k\u00f6d\u0151 alkalmaz\u00e1sok vagy programok, amelyekre a v\u00e1llalatok m\u00e1r \u00e9vek, vagy ak\u00e1r \u00e9vtizedek \u00f3ta t\u00e1maszkodnak. Ezek a szoftverek \u00e1ltal\u00e1ban sok mindent tartalmazhatnak, az \u00e9rt\u00e9kes\u00edt\u00e9si vagy CRM-alkalmaz\u00e1sokt\u00f3l az egyedi \u00e9s ipar\u00e1g-specifikus alkalmaz\u00e1sokig, sz\u00e1mos funkci\u00f3t lefedhetnek. <strong>Az \u00f6r\u00f6k\u00f6lt rendszer-migr\u00e1ci\u00f3 (legacy migration)<\/strong> <strong>teh\u00e1t a r\u00e9gi informatikai rendszerek moderniz\u00e1l\u00e1s\u00e1t, azaz egy \u00fajabb hardver infrastrukt\u00far\u00e1ra vagy szoftverplatformra t\u00f6rt\u00e9n\u0151 \u00e1ttelep\u00edt\u00e9s\u00e9t jelenti<\/strong>. Szint\u00e9n legacy migrationr\u00f3l besz\u00e9l\u00fcnk, mikor egy v\u00e1llalat az elavult szoftvereket, platformokat vagy alkalmaz\u00e1sokat a felh\u0151be helyezi \u00e1t.<\/p>\n\n\n\n<h2 class=\"wp-block-heading\">Ragaszkod\u00e1s az elavult rendszerekhez<\/h2>\n\n\n\n<p>A legacy migration projektek az \u00fczleti \u00e9letet jelent\u0151sebb m\u00e9rt\u00e9kben megv\u00e1ltoztat\u00f3, <a href=\"https:\/\/proofit.tech\/blog\/it-kormanyzas-miert-es-kinek-fontos\/\" target=\"_blank\" aria-label=\"hatalmas projektek k\u00f6z\u00e9 tartoznak (opens in a new tab)\" rel=\"noreferrer noopener\" class=\"rank-math-link\">hatalmas projektek k\u00f6z\u00e9 tartoznak<\/a>. Ez\u00e9rt a v\u00e1llalkoz\u00e1sok gyakran vonakodnak az elavult alkalmaz\u00e1saik migr\u00e1l\u00e1s\u00e1t\u00f3l. Pedig a r\u00e9gi, elavult \u00fczleti alkalmaz\u00e1sok moderniz\u00e1l\u00e1sa n\u00f6velheti a szervezet termel\u00e9kenys\u00e9g\u00e9t \u00e9s hat\u00e9konys\u00e1g\u00e1t. Mi\u00e9rt ragaszkodnak m\u00e9gis a v\u00e1llalkoz\u00e1sok az elavult rendszereikhez? Ezzel kapcsolatban \u00e1ltal\u00e1ban az al\u00e1bbi indokok mer\u00fclnek fel:<\/p>\n\n\n\n<ul class=\"wp-block-list\"><li><strong>\u00dczleti \u00e9rdek:<\/strong> Ha az alkalmaz\u00e1s m\u0171k\u00f6dik, nincs s\u00fcrg\u0151s \u00fczleti ig\u00e9ny a jav\u00edt\u00e1s\u00e1ra vagy friss\u00edt\u00e9s\u00e9re. M\u00e9g ha vannak is fennakad\u00e1sok az alkalmaz\u00e1s haszn\u00e1lata k\u00f6zben, ha az alkalmazottak k\u00e9nyelmesen haszn\u00e1lj\u00e1k a programot, alacsonyabb az elk\u00f6telez\u0151d\u00e9s a lecser\u00e9l\u00e9s\u00e9vel kapcsolatban.<br><\/li><li><strong>K\u00f6lts\u00e9g<\/strong>: Az \u00f6r\u00f6k\u00f6lt rendszer tervez\u00e9se, tesztel\u00e9se, cser\u00e9je vagy friss\u00edt\u00e9se megfelel\u0151 szak\u00e9rtelmet k\u00edv\u00e1n. Az \u00f6r\u00f6k\u00f6lt migr\u00e1ci\u00f3 \u00f6sszetett, id\u0151ig\u00e9nyes feladat, \u00edgy ez esetben nagyobb k\u00f6lts\u00e9gkeretben kell gondolkodni.<br><\/li><li><strong>\u00dczleti fennakad\u00e1sok<\/strong>: A r\u00e9gi alkalmaz\u00e1sok friss\u00edt\u00e9se megzavarhatja a hagyom\u00e1nyos munkafolyamatokat \u00e9s az alkalmazottakat, amire sok szervezet, ha teheti, nem v\u00e1llalkozik. A status quo fenntart\u00e1sa azonban visszatarthatja az IT k\u00f6rnyezet fejleszt\u00e9s\u00e9t, ez\u00e1ltal pedig visszafoghatja az \u00fczleti folyamatok javul\u00e1s\u00e1t.<\/li><\/ul>\n\n\n\n<h2 class=\"wp-block-heading\">Jelek, mikor aj\u00e1nlott a legacy migration<\/h2>\n\n\n\n<p>Munk\u00e1nk sor\u00e1n mi is tal\u00e1lkoztunk m\u00e1r lassan oldtimernek sz\u00e1m\u00edt\u00f3 informatikai rendszerekkel. A v\u00e1llalkoz\u00e1sok gyakran nem veszik \u00e9szre, mikor kell \u00e1ttelep\u00edteni\u00fck r\u00e9gi alkalmaz\u00e1saikat. A kisebb, bosszant\u00f3 informatikai probl\u00e9m\u00e1k id\u0151vel \u00f6sszead\u00f3dnak, \u00e9s egyre k\u00f6r\u00fclm\u00e9nyesebb lesz a programot haszn\u00e1lni, ami egyre ink\u00e1bb a hat\u00e9kony munkav\u00e9gz\u00e9s rov\u00e1s\u00e1ra megy. Al\u00e1bb \u00f6sszegy\u0171jt\u00f6tt\u00fck azokat a tipikus eseteket, melyek rendszeres el\u0151fordul\u00e1sa eset\u00e9n er\u0151sen aj\u00e1nlott elgondolkodni a r\u00e9gi rendszerek \u00faj rendszerbe vagy felh\u0151be t\u00f6rt\u00e9n\u0151 migr\u00e1l\u00e1s\u00e1r\u00f3l:<\/p>\n\n\n\n<ul class=\"wp-block-list\"><li>Gyakran kell \u00fajraind\u00edtani a sz\u00e1m\u00edt\u00f3g\u00e9peket,<\/li><li>Neh\u00e9zs\u00e9gek \u00faj felhaszn\u00e1l\u00f3k felv\u00e9telekor,<\/li><li>Rossz biztons\u00e1gi ment\u00e9s kezel\u00e9se,<\/li><li>Probl\u00e9m\u00e1t jelent az inform\u00e1ci\u00f3 el\u00e9r\u00e9s\u00e9nek helyhez \u00e9s id\u0151h\u00f6z k\u00f6t\u00f6tts\u00e9ge,<\/li><li>Nincs lehet\u0151s\u00e9g t\u00f6bb irodahelyis\u00e9g fenntart\u00e1s\u00e1ra.<\/li><\/ul>\n\n\n\n<p>Ezek nem csup\u00e1n zavar\u00f3 t\u00e9nyez\u0151k, hanem cs\u00f6kkentik az eg\u00e9sz szervezet hat\u00e9konys\u00e1g\u00e1t, s\u0151t, m\u00e9g a biztons\u00e1got is gyeng\u00edtik, ez\u00e9rt a fenti esetekben \u00e9rdemes \u00faj szoftverplatformra vagy a felh\u0151be telep\u00edteni a r\u00e9gi \u00fczleti alkalmaz\u00e1sokat.<\/p>\n\n\n\n<h2 class=\"wp-block-heading\">Milyen el\u0151ny\u00f6kkel j\u00e1r a legacy migration?<\/h2>\n\n\n\n<p>A legacy migration projekttel j\u00e1r\u00f3 plusz er\u0151fesz\u00edt\u00e9sek ellen\u00e9re is, sz\u00e1mos el\u0151nnyel j\u00e1r a r\u00e9gebbi alkalmaz\u00e1sok \u00faj platformra val\u00f3 migr\u00e1l\u00e1sa. Al\u00e1bb ismertetj\u00fck a legacy migraton mellett sz\u00f3l\u00f3 h\u00e1rom legl\u00e9nyegesebb \u00e9rvet:<\/p>\n\n\n\n<ol class=\"wp-block-list\"><li><strong>Hossz\u00fat\u00e1v\u00fa k\u00f6lts\u00e9gcs\u00f6kkent\u00e9s<\/strong><\/li><\/ol>\n\n\n\n<p>Az informatikai infrastrukt\u00far\u00e1ba val\u00f3 befektet\u00e9s az egyik legjelent\u0151sebb t\u00e9tel az informatikai k\u00f6lts\u00e9gvet\u00e9sben. K\u00fcl\u00f6n\u00f6sen a r\u00e9gi hardver szervizel\u00e9se emeli az IT k\u00f6lts\u00e9geket, ugyanis min\u00e9l \u00f6regebb a hardver, ann\u00e1l magasabbak a karbantart\u00e1si k\u00f6lts\u00e9gek. Az \u00f6r\u00f6k\u00f6lt alkalmaz\u00e1s migr\u00e1ci\u00f3ja cs\u00f6kkentheti a karbantart\u00e1si, szoftver- \u00e9s licenck\u00f6lts\u00e9geket.<\/p>\n\n\n\n<p>2. <strong>Javul\u00f3 adatv\u00e9delem<\/strong><\/p>\n\n\n\n<p>A r\u00e9gebbi alkalmaz\u00e1sok \u00e1ltal\u00e1ban nincsenek megfelel\u0151en v\u00e9dve, \u00e9s nem rendelkeznek megb\u00edzhat\u00f3 biztons\u00e1gi ment\u00e9si vagy adat-helyre\u00e1ll\u00edt\u00e1si tervvel adatveszt\u00e9s vagy -s\u00e9r\u00fcl\u00e9s eset\u00e9n. Legacy migration ut\u00e1n teh\u00e1t javul az adatv\u00e9delem.<\/p>\n\n\n\n<p>3. <strong>Gyors el\u00e9rhet\u0151s\u00e9g<\/strong><\/p>\n\n\n\n<p>A r\u00e9gebbi alkalmaz\u00e1sok lass\u00faak, haszn\u00e1latuk frusztr\u00e1l\u00f3, \u00e9s az \u00faj alkalmazottak sz\u00e1m\u00e1ra nehezen megtanulhat\u00f3ak. A hatalmas mennyis\u00e9g\u0171 adat \u00e9s alkalmaz\u00e1s r\u00e9gebbi rendszereken val\u00f3 t\u00e1rol\u00e1sa nem kivitelezhet\u0151, \u00e9s nem is v\u00e1rhat\u00f3 el egy r\u00e9gebbi applik\u00e1ci\u00f3t\u00f3l, hogy a mai fejlettebb technol\u00f3gi\u00e1val egyenrang\u00fa teljes\u00edtm\u00e9nyt ny\u00fajtson.<\/p>\n\n\n\n<p>A r\u00e9gi \u00fczleti alkalmaz\u00e1s vagy szoftver migr\u00e1ci\u00f3ja tesztel\u00e9si szak\u00e9rtelmet is k\u00edv\u00e1n. A <strong><a aria-label=\"ProofIT (opens in a new tab)\" href=\"https:\/\/proofit.hu\/szolgaltatasok\/\" target=\"_blank\" rel=\"noreferrer noopener\" class=\"rank-math-link\">ProofIT<\/a> tesztel\u00e9si specialist\u00e1i seg\u00edthetnek a r\u00e9gi alkalmaz\u00e1sok \u00faj rendszerbe t\u00f6rt\u00e9n\u0151 migr\u00e1ci\u00f3j\u00e1nak tesztel\u00e9s\u00e9ben<\/strong>, hogy v\u00e1llalata z\u00f6kken\u0151mentesen t\u00e9rjen \u00e1t \u00faj szoftverplatformra, \u00e9s ez\u00e1ltal k\u00e9pes legyen jav\u00edtani \u00fczleti tev\u00e9kenys\u00e9geinek hat\u00e9konys\u00e1g\u00e1n.<\/p>\n\n\n\n<p>Forr\u00e1s: <a href=\"https:\/\/www.helixstorm.com\/blog\/what-is-a-legacy-migration\" target=\"_blank\" aria-label=\"1 (opens in a new tab)\" rel=\"noreferrer noopener\" class=\"rank-math-link\">1<\/a> <a href=\"https:\/\/www.mckennaconsultants.com\/legacy-system-migration\/\" target=\"_blank\" aria-label=\"2 (opens in a new tab)\" rel=\"noreferrer noopener\" class=\"rank-math-link\">2<\/a><\/p>\n","protected":false},"excerpt":{"rendered":"<p>Milyen el\u0151ny\u00f6kkel j\u00e1r az \u00f6r\u00f6k\u00f6lt rendszer-migr\u00e1ci\u00f3? Kinek \u00e9ri meg fontol\u00f3ra venni a r\u00e9gebbi alkalmaz\u00e1sainak moderniz\u00e1l\u00e1s\u00e1t?<\/p>\n","protected":false},"author":2,"featured_media":540,"comment_status":"open","ping_status":"open","sticky":false,"template":"","format":"standard","meta":{"footnotes":""},"categories":[16],"tags":[],"class_list":["post-539","post","type-post","status-publish","format-standard","has-post-thumbnail","hentry","category-blog"],"_links":{"self":[{"href":"https:\/\/proofit.tech\/blog\/hu\/wp-json\/wp\/v2\/posts\/539","targetHints":{"allow":["GET"]}}],"collection":[{"href":"https:\/\/proofit.tech\/blog\/hu\/wp-json\/wp\/v2\/posts"}],"about":[{"href":"https:\/\/proofit.tech\/blog\/hu\/wp-json\/wp\/v2\/types\/post"}],"author":[{"embeddable":true,"href":"https:\/\/proofit.tech\/blog\/hu\/wp-json\/wp\/v2\/users\/2"}],"replies":[{"embeddable":true,"href":"https:\/\/proofit.tech\/blog\/hu\/wp-json\/wp\/v2\/comments?post=539"}],"version-history":[{"count":4,"href":"https:\/\/proofit.tech\/blog\/hu\/wp-json\/wp\/v2\/posts\/539\/revisions"}],"predecessor-version":[{"id":546,"href":"https:\/\/proofit.tech\/blog\/hu\/wp-json\/wp\/v2\/posts\/539\/revisions\/546"}],"wp:featuredmedia":[{"embeddable":true,"href":"https:\/\/proofit.tech\/blog\/hu\/wp-json\/wp\/v2\/media\/540"}],"wp:attachment":[{"href":"https:\/\/proofit.tech\/blog\/hu\/wp-json\/wp\/v2\/media?parent=539"}],"wp:term":[{"taxonomy":"category","embeddable":true,"href":"https:\/\/proofit.tech\/blog\/hu\/wp-json\/wp\/v2\/categories?post=539"},{"taxonomy":"post_tag","embeddable":true,"href":"https:\/\/proofit.tech\/blog\/hu\/wp-json\/wp\/v2\/tags?post=539"}],"curies":[{"name":"wp","href":"https:\/\/api.w.org\/{rel}","templated":true}]}}