{"id":447,"date":"2021-11-17T11:18:00","date_gmt":"2021-11-17T10:18:00","guid":{"rendered":"https:\/\/proofit.tech\/blog\/?p=447"},"modified":"2021-11-17T11:20:41","modified_gmt":"2021-11-17T10:20:41","slug":"it-kormanyzas-miert-es-kinek-fontos","status":"publish","type":"post","link":"https:\/\/proofit.tech\/blog\/hu\/it-kormanyzas-miert-es-kinek-fontos\/","title":{"rendered":"Mi\u00e9rt \u00e9s kinek fontos az IT-korm\u00e1nyz\u00e1s?"},"content":{"rendered":"\n<h2 class=\"wp-block-heading\">Az IT alapvet\u0151 sz\u00fcks\u00e9glett\u00e9 v\u00e1lt<\/h2>\n\n\n\n<p>Az informatika m\u00e1ra elengedhetetlen eszk\u00f6zz\u00e9 v\u00e1lt a szervezetek versenyk\u00e9pes, hat\u00e9kony \u00e9s eredm\u00e9nyes m\u0171k\u00f6d\u00e9s\u00e9hez. Hasonl\u00f3an a v\u00edz- \u00e9s \u00e1ramszolg\u00e1ltat\u00e1shoz, manaps\u00e1g m\u00e1r szinte egyetlen v\u00e1llalat sem tudna IT n\u00e9lk\u00fcl \u00fczemelni. F\u0151leg a komplex IT rendszereket \u00fczemeltet\u0151 c\u00e9gek eset\u00e9ben, az informatika a nap minden perc\u00e9ben, az \u00e9v minden napj\u00e1n biztos\u00edtja \u00e9s t\u00e1mogatja a v\u00e1llalati tev\u00e9kenys\u00e9gek marad\u00e9ktalan ell\u00e1t\u00e1s\u00e1t. A j\u00f3l ki\u00e9p\u00edtett informatikai rendszer lehet\u0151v\u00e9 teszi, hogy seg\u00edts\u00e9g\u00e9vel a v\u00e1llalat k\u00f6zvetve vagy k\u00f6zvetlen\u00fcl \u00e9rt\u00e9ket \u00e1ll\u00edtson el\u0151. Mindez azonban csakis abban az esetben val\u00f3sul meg, ha <strong>az adott v\u00e1llalatn\u00e1l szakszer\u0171en van megtervezve, m\u00e9rve \u00e9s korm\u00e1nyozva az IT.<\/strong><\/p>\n\n\n\n<h2 class=\"wp-block-heading\">IT-strat\u00e9gia \u00e9s IT-korm\u00e1nyz\u00e1s kapcsolata<\/h2>\n\n\n\n<p>Az informatikai strat\u00e9gia a mindenkori \u00fczleti strat\u00e9gi\u00e1b\u00f3l ker\u00fcl levezet\u00e9sre, alapj\u00e1t a v\u00e1llalati strat\u00e9gia adja, c\u00e9lja teh\u00e1t a v\u00e1llalati k\u00fcldet\u00e9s megval\u00f3s\u00edt\u00e1s\u00e1nak seg\u00edt\u00e9se. <strong>Az <a href=\"https:\/\/proofit.tech\/blog\/it-outsourcing-elonyok-es-hatranyok\/\" target=\"_blank\" aria-label=\"IT-menedzsment tervez\u00e9s\u00e9nek (opens in a new tab)\" rel=\"noreferrer noopener\" class=\"rank-math-link\">IT-menedzsment tervez\u00e9s\u00e9nek<\/a> \u00e9s m\u0171k\u00f6dtet\u00e9s\u00e9nek v\u00e1z\u00e1t az IT-korm\u00e1nyz\u00e1s (IT-governance) \u2013 vagy m\u00e1s n\u00e9ven az IT-ir\u00e1ny\u00edt\u00e1s \u2013 jelenti<\/strong>. Az IT -ir\u00e1ny\u00edt\u00e1s c\u00e9lja a v\u00e1llalati informatika \u00e1ltal\u00e1nos ir\u00e1ny\u00edt\u00e1s\u00e1nak jav\u00edt\u00e1sa, valamint az inform\u00e1ci\u00f3- \u00e9s technol\u00f3giai befektet\u00e9sekb\u0151l sz\u00e1rmaz\u00f3 \u00e9rt\u00e9k jav\u00edt\u00e1sa. (A tesztel\u00e9s \u00e9s tesztautomatiz\u00e1l\u00e1s megt\u00e9r\u00fcl\u00e9s\u00e9nek sz\u00e1m\u00edt\u00e1sa igen \u00f6sszetett feladat.) Enn\u00e9l fogva a strat\u00e9giai informatika-menedzsment egyet jelent a v\u00e1llalat \u00e9rt\u00e9kteremt\u0151 k\u00e9pess\u00e9g\u00e9nek \u00e9s az IT rendszerek \u00e1ltal t\u00e1mogatott \u00fczleti folyamatok jav\u00edt\u00e1s\u00e1val, optimaliz\u00e1l\u00e1s\u00e1val.<\/p>\n\n\n\n<h2 class=\"wp-block-heading\">Informatikai-korm\u00e1nyz\u00e1s feladata<\/h2>\n\n\n\n<p>Az IT-korm\u00e1nyz\u00e1snak h\u00e1rom l\u00e9nyeges feladata van:<\/p>\n\n\n\n<ul class=\"wp-block-list\"><li>v\u00e1llalati strat\u00e9gia \u00e9s az informatikai strat\u00e9gia integr\u00e1l\u00e1sa,<\/li><li>az \u00e9rt\u00e9kel\u00e9si-m\u00e9r\u00e9si rendszerek kereteinek kijel\u00f6l\u00e9se, tov\u00e1bb\u00e1<\/li><li>az informatikai ter\u00fclet ir\u00e1ny\u00edt\u00e1si alapelveinek lefektet\u00e9se.<\/li><\/ul>\n\n\n\n<p>Az informatikai-korm\u00e1nyz\u00e1s <strong>f\u00f3kusz\u00e1ban az informatikai funkci\u00f3 \u00e1ll<\/strong>, ebb\u0151l k\u00f6vetkez\u0151en \u2013 a v\u00e1llalati korm\u00e1nyz\u00e1s alrendszerek\u00e9nt \u2013 az IT-ir\u00e1ny\u00edt\u00e1s azokat a vezet\u00e9ssel, szervezeti fel\u00e9p\u00edt\u00e9ssel \u00e9s folyamatokkal kapcsolatos ter\u00fcleteket fogja \u00e1t, amelyek biztos\u00edtj\u00e1k a v\u00e1llalati strat\u00e9gia megval\u00f3sul\u00e1s\u00e1nak \u00e9s a v\u00e1llalati c\u00e9lok el\u00e9r\u00e9s\u00e9nek az \u00fczleti informatika \u00e1ltal t\u00f6rt\u00e9n\u0151 t\u00e1mogatotts\u00e1g\u00e1t, ezen fel\u00fcl \u00f6sszehangolja az informatika \u00e1ltal \u00e9rintett vagy kiszolg\u00e1lt ter\u00fcletek m\u0171k\u00f6d\u00e9s\u00e9t.<\/p>\n\n\n\n<h2 class=\"wp-block-heading\">Mi\u00e9rt fontos az IT-ir\u00e1ny\u00edt\u00e1s?<\/h2>\n\n\n\n<p>Az IT-korm\u00e1nyz\u00e1s lehet\u0151v\u00e9 teszi, hogy a szervezet informatik\u00e1ja t\u00e1mogassa \u00e9s el\u0151seg\u00edtse a v\u00e1llalat strat\u00e9gi\u00e1j\u00e1nak \u00e9s c\u00e9ljainak el\u00e9r\u00e9s\u00e9t<strong>. Az informatikai ir\u00e1ny\u00edt\u00e1si keretek teh\u00e1t lehet\u0151v\u00e9 teszik, hogy a szervezetek hat\u00e9konyan kezelj\u00e9k informatikai kock\u00e1zataikat<\/strong>, \u00e9s biztos\u00edts\u00e1k, hogy az inform\u00e1ci\u00f3val \u00e9s technol\u00f3gi\u00e1val kapcsolatos tev\u00e9kenys\u00e9gek illeszkedjenek az \u00e1ltal\u00e1nos \u00fczleti c\u00e9ljaikhoz. P\u00e9ld\u00e1ul a megb\u00edzhat\u00f3 v\u00e1llalatir\u00e1ny\u00edt\u00e1si keretrendszer seg\u00edts\u00e9g\u00e9vel a menedzsment hat\u00e9konyabban k\u00e9pes kezelni a v\u00e1llalatvezet\u00e9s kih\u00edv\u00e1sait. Egy j\u00f3l m\u0171k\u00f6d\u0151, szervezetre szabott v\u00e1llalatir\u00e1ny\u00edt\u00e1si rendszer biztos\u00edtja, hogy a v\u00e1llalkoz\u00e1s mindig rendelkezzen a megfelel\u0151 d\u00f6nt\u00e9shozatali folyamatokhoz \u00e9s ellen\u0151rz\u00e9sekhez sz\u00fcks\u00e9ges inform\u00e1ci\u00f3kkal. Emellett m\u00e9rhet\u0151 eredm\u00e9nyeket prezent\u00e1l a t\u00e1gabb \u00fczleti strat\u00e9gi\u00e1kkal \u00e9s c\u00e9lokkal szemben.<\/p>\n\n\n\n<h2 class=\"wp-block-heading\">IT \u2013korm\u00e1nyz\u00e1s ter\u00fcletei<\/h2>\n\n\n\n<p>Az IT Ir\u00e1ny\u00edt\u00e1si Int\u00e9zet (az ISACA div\u00edzi\u00f3ja) \u00f6t ter\u00fcletre bontja az IT-korm\u00e1nyz\u00e1st:<\/p>\n\n\n\n<ol class=\"wp-block-list\" type=\"1\"><li>\u00c9rt\u00e9k sz\u00e1ll\u00edt\u00e1s<\/li><li>Strat\u00e9giai \u00f6sszehangol\u00e1s<\/li><li>Teljes\u00edtm\u00e9ny-menedzsment<\/li><li>Er\u0151forr\u00e1s menedzsment<\/li><li>Kock\u00e1zat kezel\u00e9s<\/li><\/ol>\n\n\n\n<h2 class=\"wp-block-heading\">Megfelel\u0151 technol\u00f3gia megtal\u00e1l\u00e1sa \u00e9s kiakn\u00e1z\u00e1sa<\/h2>\n\n\n\n<p>Hogyan tal\u00e1ljuk meg a v\u00e1llalatunk sz\u00e1m\u00e1ra legink\u00e1bb hasznos\u00edthat\u00f3 technol\u00f3gi\u00e1t? Mi alapj\u00e1n d\u00f6nts\u00fcnk egy informatikai beruh\u00e1z\u00e1s elind\u00edt\u00e1s\u00e1r\u00f3l? Strat\u00e9giai szinten ehhez ny\u00fajt t\u00e1mogat\u00e1st az informatikai-korm\u00e1nyz\u00e1s. <strong>Az IT-ir\u00e1ny\u00edt\u00e1s eszk\u00f6zei seg\u00edtik a v\u00e1llalat c\u00e9ljainak legink\u00e1bb megfelel\u0151 informatikai megold\u00e1sok megtal\u00e1l\u00e1s\u00e1t, \u00e9rt\u00e9kel\u00e9s\u00e9t \u00e9s kiv\u00e1laszt\u00e1s\u00e1t. <\/strong>Ha megtal\u00e1ltuk a megfelel\u0151 technol\u00f3gi\u00e1t, akkor k\u00f6vetkezik a jelenlegi \u00e9s az el\u00e9rend\u0151 helyzet megismer\u00e9se, felt\u00e9rk\u00e9pez\u00e9se, sz\u00e1mszer\u0171s\u00edt\u00e9se, a l\u00e9p\u00e9sek megtervez\u00e9se \u00e9s az el\u00e9r\u00e9s\u00e9hez sz\u00fcks\u00e9ges d\u00f6nt\u00e9sek el\u0151k\u00e9sz\u00edt\u00e9se \u2013 de ez m\u00e1r az informatikai-controlling ter\u00fclete lesz.<\/p>\n\n\n\n<h2 class=\"wp-block-heading\">COBIT<\/h2>\n\n\n\n<p>A <strong>COBIT<\/strong> egy IT menedzsment keretrendszer, amelyet az ISACA fejlesztett ki, hogy seg\u00edtse a v\u00e1llalkoz\u00e1sokat az inform\u00e1ci\u00f3kezel\u00e9ssel \u00e9s -ir\u00e1ny\u00edt\u00e1ssal kapcsolatos strat\u00e9gi\u00e1k kidolgoz\u00e1s\u00e1ban, szervez\u00e9s\u00e9ben \u00e9s v\u00e9grehajt\u00e1s\u00e1ban. A COBIT (Control Objectives for Information and Related Technology) teh\u00e1t <strong>egy nemzetk\u00f6zileg elismert informatikai ir\u00e1ny\u00edt\u00e1si keretrendszer, amely seg\u00edt a szervezeteknek megfelelni az \u00fczleti kih\u00edv\u00e1soknak a szab\u00e1lyoz\u00e1sok betart\u00e1sa, a kock\u00e1zatkezel\u00e9s \u00e9s az informatikai strat\u00e9gia szervezeti c\u00e9lokhoz val\u00f3 igaz\u00edt\u00e1sa ter\u00fclet\u00e9n<\/strong>. A keretrendszer leg\u00fajabb iter\u00e1ci\u00f3ja a COBIT 2019.<\/p>\n\n\n\n<p>Forr\u00e1s: <a href=\"http:\/\/acta.bibl.u-szeged.hu\/30248\/1\/vikek_011_049-058.pdf\" target=\"_blank\" aria-label=\"1 (opens in a new tab)\" rel=\"noreferrer noopener\" class=\"rank-math-link\">1<\/a> <a href=\"https:\/\/www.itgovernance.co.uk\/it_governance\" target=\"_blank\" aria-label=\"2 (opens in a new tab)\" rel=\"noreferrer noopener\" class=\"rank-math-link\">2<\/a> <a href=\"https:\/\/www.cio.com\/article\/3243684\/what-is-cobit-a-framework-for-alignment-and-governance.html\" target=\"_blank\" aria-label=\"3 (opens in a new tab)\" rel=\"noreferrer noopener\" class=\"rank-math-link\">3<\/a><\/p>\n","protected":false},"excerpt":{"rendered":"<p>Az informatika \u00e1ltal hogyan optimaliz\u00e1lhat\u00f3 az \u00e9rt\u00e9kteremt\u00e9s? Mi az informatikai-korm\u00e1nyz\u00e1s c\u00e9lja \u00e9s feladata? Mi a kapcsolat az \u00fczleti strat\u00e9gia \u00e9s az IT-korm\u00e1nyz\u00e1s k\u00f6z\u00f6tt? Melyek az IT-ir\u00e1ny\u00edt\u00e1s ter\u00fcletei? Mi az a COBIT? Cikk\u00fcnkben ezeket a k\u00e9rd\u00e9seket j\u00e1rjuk k\u00f6r\u00fcl.<\/p>\n","protected":false},"author":2,"featured_media":448,"comment_status":"open","ping_status":"open","sticky":false,"template":"","format":"standard","meta":{"footnotes":""},"categories":[16],"tags":[],"class_list":["post-447","post","type-post","status-publish","format-standard","has-post-thumbnail","hentry","category-blog"],"_links":{"self":[{"href":"https:\/\/proofit.tech\/blog\/hu\/wp-json\/wp\/v2\/posts\/447","targetHints":{"allow":["GET"]}}],"collection":[{"href":"https:\/\/proofit.tech\/blog\/hu\/wp-json\/wp\/v2\/posts"}],"about":[{"href":"https:\/\/proofit.tech\/blog\/hu\/wp-json\/wp\/v2\/types\/post"}],"author":[{"embeddable":true,"href":"https:\/\/proofit.tech\/blog\/hu\/wp-json\/wp\/v2\/users\/2"}],"replies":[{"embeddable":true,"href":"https:\/\/proofit.tech\/blog\/hu\/wp-json\/wp\/v2\/comments?post=447"}],"version-history":[{"count":2,"href":"https:\/\/proofit.tech\/blog\/hu\/wp-json\/wp\/v2\/posts\/447\/revisions"}],"predecessor-version":[{"id":451,"href":"https:\/\/proofit.tech\/blog\/hu\/wp-json\/wp\/v2\/posts\/447\/revisions\/451"}],"wp:featuredmedia":[{"embeddable":true,"href":"https:\/\/proofit.tech\/blog\/hu\/wp-json\/wp\/v2\/media\/448"}],"wp:attachment":[{"href":"https:\/\/proofit.tech\/blog\/hu\/wp-json\/wp\/v2\/media?parent=447"}],"wp:term":[{"taxonomy":"category","embeddable":true,"href":"https:\/\/proofit.tech\/blog\/hu\/wp-json\/wp\/v2\/categories?post=447"},{"taxonomy":"post_tag","embeddable":true,"href":"https:\/\/proofit.tech\/blog\/hu\/wp-json\/wp\/v2\/tags?post=447"}],"curies":[{"name":"wp","href":"https:\/\/api.w.org\/{rel}","templated":true}]}}