{"id":102,"date":"2021-02-12T06:00:49","date_gmt":"2021-02-12T05:00:49","guid":{"rendered":"http:\/\/proofitblog.webber360.com\/?p=102"},"modified":"2023-01-11T10:30:58","modified_gmt":"2023-01-11T09:30:58","slug":"mi-a-kapcsolat-a-koronavirus-jarvany-es-a-tesztautomatizalas-kozott","status":"publish","type":"post","link":"https:\/\/proofit.tech\/blog\/hu\/mi-a-kapcsolat-a-koronavirus-jarvany-es-a-tesztautomatizalas-kozott\/","title":{"rendered":"Kapcsolat a koronav\u00edrus-j\u00e1rv\u00e1ny \u00e9s a tesztautomatiz\u00e1l\u00e1s k\u00f6z\u00f6tt"},"content":{"rendered":"\n<p><strong>A koronav\u00edrus-j\u00e1rv\u00e1ny miatt gyorsul\u00f3 digit\u00e1lis transzform\u00e1ci\u00f3 megn\u00f6veli a tesztautomatiz\u00e1l\u00e1s ir\u00e1nti ig\u00e9nyt.<\/strong><\/p>\n\n\n\n<p>Mire vil\u00e1g\u00edt r\u00e1 a koronav\u00edrus-j\u00e1rv\u00e1ny? Milyen tendenci\u00e1kat gyors\u00edtott fel? A jelenlegi vil\u00e1gj\u00e1rv\u00e1ny sz\u00e1mos k\u00e9rd\u00e9s vet fel. Nem tudjuk, meddig tart. Nem tudjuk, meddig lesznek hat\u00e9konyak a vakcin\u00e1k ellene. Nem tudjuk, miv\u00e9 mut\u00e1l\u00f3dik a v\u00edrus. <\/p>\n\n\n\n<p>Nem tudjuk, a j\u00f6v\u0151ben nagyobb j\u00e1rv\u00e1ny mikor \u00fcti fel a fej\u00e9t, s\u00falyos k\u00e1rokat okozva nemcsak az embereknek, hanem a gazdas\u00e1gi szerepl\u0151knek is. Mindezekkel kapcsolatban <strong>igen nagym\u00e9rt\u00e9k\u0171 a bizonytalans\u00e1g \u2013 lok\u00e1lis \u00e9s glob\u00e1lis viszonylatban egyar\u00e1nt<\/strong>.<\/p>\n\n\n\n<h2 class=\"wp-block-heading\">Az IKT n\u00e9lk\u00fcl le\u00e1ll az \u00e9let<\/h2>\n\n\n\n<p>Ami biztos, hogy \u00e9let\u00fcnk t\u00f6bb ter\u00fclet\u00e9t mondhatni\nalapjaiban v\u00e1ltoztatta meg, \u00e9s alak\u00edtja folyamatosan. Ami a v\u00e1llalati\nmindennapokat illeti, egy haszna mindenk\u00e9ppen volt a koronav\u00edrus okozta\npand\u00e9mi\u00e1nak \u00e9s az ellene val\u00f3 v\u00e9dekez\u00e9s miatt elrendelt k\u00e9nyszer\u0171 korl\u00e1toz\u00e1soknak:\n<strong>r\u00e1d\u00f6bbentette a d\u00f6nt\u00e9shoz\u00f3kat arra, hogy\nmegb\u00edzhat\u00f3an m\u0171k\u00f6d\u0151 inform\u00e1ci\u00f3- \u00e9s kommunik\u00e1ci\u00f3technol\u00f3giai (IKT) rendszerek,\neszk\u00f6z\u00f6k n\u00e9lk\u00fcl le\u00e1ll az \u00e9let<\/strong>.<\/p>\n\n\n\n<h2 class=\"wp-block-heading\">A j\u00f6v\u0151 tendenci\u00e1i<\/h2>\n\n\n\n<p>A Covid-pand\u00e9mia tombol\u00e1sa k\u00f6zepette megl\u00e1thatjuk a\nk\u00f6r\u00fcl\u00f6tt\u00fcnk zajl\u00f3 tendenci\u00e1kat, melyek k\u00f6z\u00fcl r\u00f6viden k\u00f6rbej\u00e1rtuk a\nlegfontosabbakat, amelyek v\u00e1rhat\u00f3an a j\u00f6v\u0151 kritikus versenyt\u00e9nyez\u0151i lesznek.<\/p>\n\n\n\n<h3 class=\"wp-block-heading\"><strong>1. A szem\u00e9lyes jelenl\u00e9t h\u00e1tt\u00e9rbe szorul, az online mindent visz<\/strong><\/h3>\n\n\n\n<p>A digitaliz\u00e1ci\u00f3 m\u00e9g olyan ipar\u00e1gakba is bet\u00f6rt,\nahol kor\u00e1bban csak elv\u00e9tve volt jelen, p\u00e9ld\u00e1ul egyre t\u00f6bb \u00e9lelmiszerboltban\nhelyeznek \u00fczembe automata kassz\u00e1t.<\/p>\n\n\n\n<h3 class=\"wp-block-heading\"><strong>2. Egyre nagyobb sz\u00fcks\u00e9g lesz a sok ig\u00e9nyt kiel\u00e9g\u00edt\u0151, online, sz\u00e1m\u00edt\u00f3g\u00e9pes v\u00e1llalati megold\u00e1sokra<\/strong><\/h3>\n\n\n\n<p>A c\u00e9gek egyre gyorsul\u00f3 \u00fctemben t\u00e9rnek \u00e1t olyan\nprogramokra, technol\u00f3gi\u00e1kra,melyek\nsz\u00e1mos munkafolyamatot, vagy ak\u00e1r az eg\u00e9sz v\u00e1llalati m\u0171k\u00f6d\u00e9st online, digit\u00e1lis\nplatformra helyezik. Egy tipikus p\u00e9lda erre, hogy a kereskedelemmel foglalkoz\u00f3\nc\u00e9gek k\u00f6z\u00fcl, aki tehette, \u00e1tt\u00e9rt online \u00e9rt\u00e9kes\u00edt\u00e9sre.<\/p>\n\n\n\n<h3 class=\"wp-block-heading\"><strong>3. Az online, IT-s rendszerek biztons\u00e1gos \u00e9s hat\u00e9kony, valamint folyamatos m\u0171k\u00f6d\u00e9se kritikus t\u00e9nyez\u0151k\u00e9nt val\u00f3 kezel\u00e9se elengedhetetlen a j\u00f6v\u0151 szempontj\u00e1b\u00f3l<\/strong><\/h3>\n\n\n\n<p>A v\u00e1llalati \u201eimmunrendszert\u201d is \u00e9rdemes karbantartani, enn\u00e9lfogva a c\u00e9ges informatikai rendszerek ellen\u00e1ll\u00f3k\u00e9pess\u00e9g\u00e9t is er\u0151s\u00edteni kell. A c\u00e9gek egyre kev\u00e9sb\u00e9 engedhetik meg maguknak a digit\u00e1lis rendszereik\/eszk\u00f6zeik elhanyagol\u00e1s\u00e1t. A karbantart\u00e1sba beletartozik a hardveres \u00e9s szoftveres fenntart\u00e1s \u00e9s fejleszt\u00e9s egyar\u00e1nt, de a biztons\u00e1g k\u00e9rd\u00e9sk\u00f6re is.<\/p>\n\n\n\n<h3 class=\"wp-block-heading\"><strong>4. N\u00f6vekszik az automatiz\u00e1lt tesztel\u00e9s ir\u00e1nti sz\u00fcks\u00e9glet<\/strong><\/h3>\n\n\n\n<p>Mivel egyre t\u00f6bb \u00e9s egyre hat\u00e9konyabb IT rendszerekre lesz sz\u00fcks\u00e9g\u00fck a c\u00e9geknek ahhoz, hogy versenyk\u00e9pess\u00e9g\u00fcket hossz\u00fa t\u00e1von is meg\u0151rizhess\u00e9k, ez\u00e9rt az automata tesztel\u00e9s ir\u00e1nti ig\u00e9ny n\u00f6vekv\u0151ben van. Ugyanis a digit\u00e1lis rendszerek hibamentes m\u0171k\u00f6d\u00e9s\u00e9nek el\u0151felt\u00e9tele a rendszeres tesztel\u00e9s. <\/p>\n\n\n\n<p>A manu\u00e1lis tesztel\u00e9s helyett pedig az automatiz\u00e1lt tesztel\u00e9s nagyobb hat\u00e9konys\u00e1ggal, kv\u00e1zi kevesebb r\u00e1ford\u00edt\u00e1ssal, \u2013 \u00e9s nem utols\u00f3 sorban kisebb fert\u0151z\u00e9svesz\u00e9llyel \u2013 \u00fczemeltethet\u0151. A ProofIT-n\u00e1l is tapasztaljuk a megn\u00f6vekedett keresletet, megb\u00edz\u00e1saink sz\u00e1ma a pand\u00e9mia kezdete \u00f3ta jelent\u0151sen megn\u00f6vekedett.<\/p>\n\n\n\n<h2 class=\"wp-block-heading\">Az \u00e1trendez\u0151d\u00f6tt folyamatok \u00e1lland\u00f3sulnak<\/h2>\n\n\n\n<p>Amit az \u00fczleti \u00e9s informatikai vezet\u0151knek a koronav\u00edrus hat\u00e1s\u00e1b\u00f3l t\u00f6m\u00f6r konkl\u00fazi\u00f3k\u00e9nt, egy\u00e9rtelm\u0171en le lehet sz\u0171rni, hogy ne ringassuk magunkat ill\u00fazi\u00f3ba: a Covid-19 miatt <strong>\u00e1tszervez\u0151d\u00f6tt folyamatok, \u00fczemm\u00f3dok, bevezetett megold\u00e1sok z\u00f6me nem fog visszarendez\u0151dni<\/strong>, hanem \u00e1lland\u00f3sul, \u00e9s tov\u00e1bbfejl\u0151dik a j\u00e1rv\u00e1ny lecseng\u00e9se ut\u00e1n is. 2020 v\u00edzv\u00e1laszt\u00f3 \u00e9v volt a v\u00e1llalatok \u00e9let\u00e9ben is. <\/p>\n\n\n\n<p>Fel kell ismerni, hogy sz\u00e1mos, k\u00e9nyszer\u0171s\u00e9gb\u0151l bevezetett szervezeti folyamatot tekintve 2020 ut\u00e1n sem fog vissza\u00e1llni a 2020 el\u0151tti \u00e1llapot, m\u00e1s lesz a norma. Vagyis err\u0151l a \u201el\u00e9pcs\u0151fokr\u00f3l\u201d kell majd tov\u00e1bb \u00fczemeltetni a v\u00e1llalatokat. <strong>Egyre komplexebb \u00e9s nagyobb informatikai rendszereket pedig egyre t\u00f6bb automata tesztel\u00e9ssel lehet majd \u00fczemben tartani<\/strong>.<\/p>\n","protected":false},"excerpt":{"rendered":"<p>Mire vil\u00e1g\u00edt r\u00e1 a koronav\u00edrus-j\u00e1rv\u00e1ny? Milyen tendenci\u00e1kat gyors\u00edtott fel? A jelenlegi vil\u00e1gj\u00e1rv\u00e1ny sz\u00e1mos k\u00e9rd\u00e9s vet fel. Nem tudjuk, meddig tart. Nem tudjuk, meddig lesznek hat\u00e9konyak a vakcin\u00e1k ellene.<\/p>\n","protected":false},"author":2,"featured_media":87,"comment_status":"open","ping_status":"open","sticky":false,"template":"","format":"standard","meta":{"footnotes":""},"categories":[16],"tags":[],"class_list":["post-102","post","type-post","status-publish","format-standard","has-post-thumbnail","hentry","category-blog"],"_links":{"self":[{"href":"https:\/\/proofit.tech\/blog\/hu\/wp-json\/wp\/v2\/posts\/102","targetHints":{"allow":["GET"]}}],"collection":[{"href":"https:\/\/proofit.tech\/blog\/hu\/wp-json\/wp\/v2\/posts"}],"about":[{"href":"https:\/\/proofit.tech\/blog\/hu\/wp-json\/wp\/v2\/types\/post"}],"author":[{"embeddable":true,"href":"https:\/\/proofit.tech\/blog\/hu\/wp-json\/wp\/v2\/users\/2"}],"replies":[{"embeddable":true,"href":"https:\/\/proofit.tech\/blog\/hu\/wp-json\/wp\/v2\/comments?post=102"}],"version-history":[{"count":23,"href":"https:\/\/proofit.tech\/blog\/hu\/wp-json\/wp\/v2\/posts\/102\/revisions"}],"predecessor-version":[{"id":815,"href":"https:\/\/proofit.tech\/blog\/hu\/wp-json\/wp\/v2\/posts\/102\/revisions\/815"}],"wp:featuredmedia":[{"embeddable":true,"href":"https:\/\/proofit.tech\/blog\/hu\/wp-json\/wp\/v2\/media\/87"}],"wp:attachment":[{"href":"https:\/\/proofit.tech\/blog\/hu\/wp-json\/wp\/v2\/media?parent=102"}],"wp:term":[{"taxonomy":"category","embeddable":true,"href":"https:\/\/proofit.tech\/blog\/hu\/wp-json\/wp\/v2\/categories?post=102"},{"taxonomy":"post_tag","embeddable":true,"href":"https:\/\/proofit.tech\/blog\/hu\/wp-json\/wp\/v2\/tags?post=102"}],"curies":[{"name":"wp","href":"https:\/\/api.w.org\/{rel}","templated":true}]}}